{"id":5154,"date":"2025-08-08T11:22:29","date_gmt":"2025-08-08T15:22:29","guid":{"rendered":"https:\/\/citylabbiobio.cl\/city-lab-biobio-opens-call-for-startups-to-take-part-in-summit-to-dream-up-the-cities-of-the-future\/"},"modified":"2025-08-08T11:22:29","modified_gmt":"2025-08-08T15:22:29","slug":"city-lab-biobio-opens-call-for-startups-to-take-part-in-summit-to-dream-up-the-cities-of-the-future","status":"publish","type":"post","link":"https:\/\/citylabbiobio.cl\/en\/city-lab-biobio-opens-call-for-startups-to-take-part-in-summit-to-dream-up-the-cities-of-the-future\/","title":{"rendered":"City Lab Biob\u00edo Opens Call for Startups to Take Part in Summit to &#8220;Dream Up&#8221; the Cities of the Future"},"content":{"rendered":"<p>With the aim of showcasing new technologies and innovations to the broader community, City Lab Biob\u00edo and the Municipal Hubs network have opened a call for <em>startups, scaleups <\/em>and domestic companies to join as &#8220;Innovators of the Future&#8221; and take part in the global city science summit Cities in Transition, to be held on 8 October at the Teatro Biob\u00edo in Concepci\u00f3n.<\/p>\n<p>The Summit, organised by the urban laboratory in the Biob\u00edo region, will draw around a hundred researchers in urbanism, data science and technology from Europe, Asia, North America and Latin America, with public activities inviting attendees to &#8220;dream up&#8221; the cities of the future through the lens of science, urban thinking and talks by world-renowned speakers.<\/p>\n<p>The call asks innovators to present an interactive, informative and visually engaging stand showcasing technologies and products aimed at reshaping the future of cities from the south of the country. Participants should also demonstrate how their projects contribute to dreaming up, imagining and building more just, sustainable and collaborative cities through high-impact urban and social technology solutions. <\/p>\n<p>&#8220;City Lab Biob\u00edo is focused on researching the development of better cities using science and technology, always with an eye on anticipating future scenarios. But a city cannot be built without the participation of those who live in it. That is why this call is about making sure we all have a part in shaping the future of the cities we dream of,&#8221; said Fernando P\u00e9rez, the laboratory&#8217;s principal director.<\/p>\n<p>&nbsp;<\/p>\n<p><strong>How to Take Part in the Summit<\/strong><\/p>\n<p>Applicants must submit a form including the name of their project, a description of the problem they address, their target user segment and the benefits their solution brings to the planning and development of more just, sustainable and collaborative cities. Alongside the form, applicants must attach a visual document outlining the content and elements they plan to use within the Teatro Biob\u00edo, as well as a pitch for their proposal. <\/p>\n<p>Selected participants will present their solutions in person on the second floor of the Teatro Biob\u00edo on Wednesday, 8 October, in an environment designed to foster collaboration, visibility and connections with national and international players from the urban, technology and scientific ecosystems.<\/p>\n<p>Full application guidelines, including requirements, submission materials, deadlines and required documents, are attached to this communication. For any questions about the process, contact Dhayana Albornoz at contacto@citylabbiobio.cl or innova@providencia.cl. <\/p>\n<p>The deadline for submissions is Tuesday, 26 August, at 23:59.<\/p>\n","protected":false},"excerpt":{"rendered":"<p>With the aim of showcasing new technologies and innovations to  [&#8230;]<\/p>\n","protected":false},"author":5,"featured_media":4285,"comment_status":"closed","ping_status":"closed","sticky":false,"template":"","format":"standard","meta":{"footnotes":""},"categories":[39,61],"tags":[],"class_list":["post-5154","post","type-post","status-publish","format-standard","has-post-thumbnail","hentry","category-news","category-summit"],"yoast_head":"<!-- This site is optimized with the Yoast SEO plugin v27.3 - https:\/\/yoast.com\/product\/yoast-seo-wordpress\/ -->\n<title>City Lab Biob\u00edo Opens Call for Startups to Take Part in Summit to &quot;Dream Up&quot; the Cities of the Future - City Lab Biob\u00edo - evolucionamos la ciudad<\/title>\n<meta name=\"robots\" content=\"index, follow, max-snippet:-1, max-image-preview:large, max-video-preview:-1\" \/>\n<link rel=\"canonical\" href=\"https:\/\/citylabbiobio.cl\/en\/city-lab-biobio-opens-call-for-startups-to-take-part-in-summit-to-dream-up-the-cities-of-the-future\/\" \/>\n<meta property=\"og:locale\" content=\"en_US\" \/>\n<meta property=\"og:type\" content=\"article\" \/>\n<meta property=\"og:title\" content=\"City Lab Biob\u00edo Opens Call for Startups to Take Part in Summit to &quot;Dream Up&quot; the Cities of the Future - City Lab Biob\u00edo - evolucionamos la ciudad\" \/>\n<meta property=\"og:description\" content=\"With the aim of showcasing new technologies and innovations to [...]\" \/>\n<meta property=\"og:url\" content=\"https:\/\/citylabbiobio.cl\/en\/city-lab-biobio-opens-call-for-startups-to-take-part-in-summit-to-dream-up-the-cities-of-the-future\/\" \/>\n<meta property=\"og:site_name\" content=\"City Lab Biob\u00edo - evolucionamos la ciudad\" \/>\n<meta property=\"article:published_time\" content=\"2025-08-08T15:22:29+00:00\" \/>\n<meta property=\"og:image\" content=\"https:\/\/d26q11cgz8q0ri.cloudfront.net\/2025\/10\/22192353\/pexels-canvastudio-3194521-1620x1080.jpg\" \/>\n\t<meta property=\"og:image:width\" content=\"1620\" \/>\n\t<meta property=\"og:image:height\" content=\"1080\" \/>\n\t<meta property=\"og:image:type\" content=\"image\/jpeg\" \/>\n<meta name=\"author\" content=\"Germ\u00e1n Fuentes\" \/>\n<meta name=\"twitter:card\" content=\"summary_large_image\" \/>\n<meta name=\"twitter:label1\" content=\"Written by\" \/>\n\t<meta name=\"twitter:data1\" content=\"Germ\u00e1n Fuentes\" \/>\n\t<meta name=\"twitter:label2\" content=\"Est. reading time\" \/>\n\t<meta name=\"twitter:data2\" content=\"2 minutes\" \/>\n<script type=\"application\/ld+json\" class=\"yoast-schema-graph\">{\"@context\":\"https:\\\/\\\/schema.org\",\"@graph\":[{\"@type\":\"Article\",\"@id\":\"https:\\\/\\\/citylabbiobio.cl\\\/en\\\/city-lab-biobio-opens-call-for-startups-to-take-part-in-summit-to-dream-up-the-cities-of-the-future\\\/#article\",\"isPartOf\":{\"@id\":\"https:\\\/\\\/citylabbiobio.cl\\\/en\\\/city-lab-biobio-opens-call-for-startups-to-take-part-in-summit-to-dream-up-the-cities-of-the-future\\\/\"},\"author\":{\"name\":\"Germ\u00e1n Fuentes\",\"@id\":\"https:\\\/\\\/citylabbiobio.cl\\\/#\\\/schema\\\/person\\\/a4018527f447772f82fb385355acef86\"},\"headline\":\"City Lab Biob\u00edo Opens Call for Startups to Take Part in Summit to &#8220;Dream Up&#8221; the Cities of the Future\",\"datePublished\":\"2025-08-08T15:22:29+00:00\",\"mainEntityOfPage\":{\"@id\":\"https:\\\/\\\/citylabbiobio.cl\\\/en\\\/city-lab-biobio-opens-call-for-startups-to-take-part-in-summit-to-dream-up-the-cities-of-the-future\\\/\"},\"wordCount\":434,\"publisher\":{\"@id\":\"https:\\\/\\\/citylabbiobio.cl\\\/#organization\"},\"image\":{\"@id\":\"https:\\\/\\\/citylabbiobio.cl\\\/en\\\/city-lab-biobio-opens-call-for-startups-to-take-part-in-summit-to-dream-up-the-cities-of-the-future\\\/#primaryimage\"},\"thumbnailUrl\":\"https:\\\/\\\/d26q11cgz8q0ri.cloudfront.net\\\/2025\\\/10\\\/22192353\\\/pexels-canvastudio-3194521-scaled.jpg\",\"articleSection\":[\"news\",\"summit\"],\"inLanguage\":\"en-US\"},{\"@type\":\"WebPage\",\"@id\":\"https:\\\/\\\/citylabbiobio.cl\\\/en\\\/city-lab-biobio-opens-call-for-startups-to-take-part-in-summit-to-dream-up-the-cities-of-the-future\\\/\",\"url\":\"https:\\\/\\\/citylabbiobio.cl\\\/en\\\/city-lab-biobio-opens-call-for-startups-to-take-part-in-summit-to-dream-up-the-cities-of-the-future\\\/\",\"name\":\"City Lab Biob\u00edo Opens Call for Startups to Take Part in Summit to \\\"Dream Up\\\" the Cities of the Future - City Lab Biob\u00edo - evolucionamos la ciudad\",\"isPartOf\":{\"@id\":\"https:\\\/\\\/citylabbiobio.cl\\\/#website\"},\"primaryImageOfPage\":{\"@id\":\"https:\\\/\\\/citylabbiobio.cl\\\/en\\\/city-lab-biobio-opens-call-for-startups-to-take-part-in-summit-to-dream-up-the-cities-of-the-future\\\/#primaryimage\"},\"image\":{\"@id\":\"https:\\\/\\\/citylabbiobio.cl\\\/en\\\/city-lab-biobio-opens-call-for-startups-to-take-part-in-summit-to-dream-up-the-cities-of-the-future\\\/#primaryimage\"},\"thumbnailUrl\":\"https:\\\/\\\/d26q11cgz8q0ri.cloudfront.net\\\/2025\\\/10\\\/22192353\\\/pexels-canvastudio-3194521-scaled.jpg\",\"datePublished\":\"2025-08-08T15:22:29+00:00\",\"breadcrumb\":{\"@id\":\"https:\\\/\\\/citylabbiobio.cl\\\/en\\\/city-lab-biobio-opens-call-for-startups-to-take-part-in-summit-to-dream-up-the-cities-of-the-future\\\/#breadcrumb\"},\"inLanguage\":\"en-US\",\"potentialAction\":[{\"@type\":\"ReadAction\",\"target\":[\"https:\\\/\\\/citylabbiobio.cl\\\/en\\\/city-lab-biobio-opens-call-for-startups-to-take-part-in-summit-to-dream-up-the-cities-of-the-future\\\/\"]}]},{\"@type\":\"ImageObject\",\"inLanguage\":\"en-US\",\"@id\":\"https:\\\/\\\/citylabbiobio.cl\\\/en\\\/city-lab-biobio-opens-call-for-startups-to-take-part-in-summit-to-dream-up-the-cities-of-the-future\\\/#primaryimage\",\"url\":\"https:\\\/\\\/d26q11cgz8q0ri.cloudfront.net\\\/2025\\\/10\\\/22192353\\\/pexels-canvastudio-3194521-scaled.jpg\",\"contentUrl\":\"https:\\\/\\\/d26q11cgz8q0ri.cloudfront.net\\\/2025\\\/10\\\/22192353\\\/pexels-canvastudio-3194521-scaled.jpg\",\"width\":2560,\"height\":1707},{\"@type\":\"BreadcrumbList\",\"@id\":\"https:\\\/\\\/citylabbiobio.cl\\\/en\\\/city-lab-biobio-opens-call-for-startups-to-take-part-in-summit-to-dream-up-the-cities-of-the-future\\\/#breadcrumb\",\"itemListElement\":[{\"@type\":\"ListItem\",\"position\":1,\"name\":\"Portada\",\"item\":\"https:\\\/\\\/citylabbiobio.cl\\\/en\\\/\"},{\"@type\":\"ListItem\",\"position\":2,\"name\":\"City Lab Biob\u00edo Opens Call for Startups to Take Part in Summit to &#8220;Dream Up&#8221; the Cities of the Future\"}]},{\"@type\":\"WebSite\",\"@id\":\"https:\\\/\\\/citylabbiobio.cl\\\/#website\",\"url\":\"https:\\\/\\\/citylabbiobio.cl\\\/\",\"name\":\"City Lab B\u00edo B\u00edo\",\"description\":\"Evolucionamos la ciudad\",\"publisher\":{\"@id\":\"https:\\\/\\\/citylabbiobio.cl\\\/#organization\"},\"alternateName\":\"Laboratorio de ciudad\",\"potentialAction\":[{\"@type\":\"SearchAction\",\"target\":{\"@type\":\"EntryPoint\",\"urlTemplate\":\"https:\\\/\\\/citylabbiobio.cl\\\/?s={search_term_string}\"},\"query-input\":{\"@type\":\"PropertyValueSpecification\",\"valueRequired\":true,\"valueName\":\"search_term_string\"}}],\"inLanguage\":\"en-US\"},{\"@type\":\"Organization\",\"@id\":\"https:\\\/\\\/citylabbiobio.cl\\\/#organization\",\"name\":\"City Lab B\u00edo B\u00edo\",\"alternateName\":\"Laboratorio de Ciudad Biob\u00edo\",\"url\":\"https:\\\/\\\/citylabbiobio.cl\\\/\",\"logo\":{\"@type\":\"ImageObject\",\"inLanguage\":\"en-US\",\"@id\":\"https:\\\/\\\/citylabbiobio.cl\\\/#\\\/schema\\\/logo\\\/image\\\/\",\"url\":\"https:\\\/\\\/citylabbiobio.cl\\\/wp-content\\\/uploads\\\/2023\\\/05\\\/logo-cl-mit.png\",\"contentUrl\":\"https:\\\/\\\/citylabbiobio.cl\\\/wp-content\\\/uploads\\\/2023\\\/05\\\/logo-cl-mit.png\",\"width\":290,\"height\":83,\"caption\":\"City Lab B\u00edo B\u00edo\"},\"image\":{\"@id\":\"https:\\\/\\\/citylabbiobio.cl\\\/#\\\/schema\\\/logo\\\/image\\\/\"},\"sameAs\":[\"https:\\\/\\\/www.youtube.com\\\/@CityLabBiobio\",\"https:\\\/\\\/www.linkedin.com\\\/company\\\/citylabbiobio\\\/?originalSubdomain=cl\",\"https:\\\/\\\/www.instagram.com\\\/citylabbiobio\\\/\"]},{\"@type\":\"Person\",\"@id\":\"https:\\\/\\\/citylabbiobio.cl\\\/#\\\/schema\\\/person\\\/a4018527f447772f82fb385355acef86\",\"name\":\"Germ\u00e1n Fuentes\",\"image\":{\"@type\":\"ImageObject\",\"inLanguage\":\"en-US\",\"@id\":\"https:\\\/\\\/secure.gravatar.com\\\/avatar\\\/f566b5071d5240879df0c13e29615dd4d51284eb5db8a4039acb1b32d2926369?s=96&d=mm&r=g\",\"url\":\"https:\\\/\\\/secure.gravatar.com\\\/avatar\\\/f566b5071d5240879df0c13e29615dd4d51284eb5db8a4039acb1b32d2926369?s=96&d=mm&r=g\",\"contentUrl\":\"https:\\\/\\\/secure.gravatar.com\\\/avatar\\\/f566b5071d5240879df0c13e29615dd4d51284eb5db8a4039acb1b32d2926369?s=96&d=mm&r=g\",\"caption\":\"Germ\u00e1n Fuentes\"},\"url\":\"https:\\\/\\\/citylabbiobio.cl\\\/en\\\/author\\\/german-fuentes\\\/\"}]}<\/script>\n<!-- \/ Yoast SEO plugin. -->","yoast_head_json":{"title":"City Lab Biob\u00edo Opens Call for Startups to Take Part in Summit to \"Dream Up\" the Cities of the Future - City Lab Biob\u00edo - evolucionamos la ciudad","robots":{"index":"index","follow":"follow","max-snippet":"max-snippet:-1","max-image-preview":"max-image-preview:large","max-video-preview":"max-video-preview:-1"},"canonical":"https:\/\/citylabbiobio.cl\/en\/city-lab-biobio-opens-call-for-startups-to-take-part-in-summit-to-dream-up-the-cities-of-the-future\/","og_locale":"en_US","og_type":"article","og_title":"City Lab Biob\u00edo Opens Call for Startups to Take Part in Summit to \"Dream Up\" the Cities of the Future - City Lab Biob\u00edo - evolucionamos la ciudad","og_description":"With the aim of showcasing new technologies and innovations to [...]","og_url":"https:\/\/citylabbiobio.cl\/en\/city-lab-biobio-opens-call-for-startups-to-take-part-in-summit-to-dream-up-the-cities-of-the-future\/","og_site_name":"City Lab Biob\u00edo - evolucionamos la ciudad","article_published_time":"2025-08-08T15:22:29+00:00","og_image":[{"width":1620,"height":1080,"url":"https:\/\/d26q11cgz8q0ri.cloudfront.net\/2025\/10\/22192353\/pexels-canvastudio-3194521-1620x1080.jpg","type":"image\/jpeg"}],"author":"Germ\u00e1n Fuentes","twitter_card":"summary_large_image","twitter_misc":{"Written by":"Germ\u00e1n Fuentes","Est. reading time":"2 minutes"},"schema":{"@context":"https:\/\/schema.org","@graph":[{"@type":"Article","@id":"https:\/\/citylabbiobio.cl\/en\/city-lab-biobio-opens-call-for-startups-to-take-part-in-summit-to-dream-up-the-cities-of-the-future\/#article","isPartOf":{"@id":"https:\/\/citylabbiobio.cl\/en\/city-lab-biobio-opens-call-for-startups-to-take-part-in-summit-to-dream-up-the-cities-of-the-future\/"},"author":{"name":"Germ\u00e1n Fuentes","@id":"https:\/\/citylabbiobio.cl\/#\/schema\/person\/a4018527f447772f82fb385355acef86"},"headline":"City Lab Biob\u00edo Opens Call for Startups to Take Part in Summit to &#8220;Dream Up&#8221; the Cities of the Future","datePublished":"2025-08-08T15:22:29+00:00","mainEntityOfPage":{"@id":"https:\/\/citylabbiobio.cl\/en\/city-lab-biobio-opens-call-for-startups-to-take-part-in-summit-to-dream-up-the-cities-of-the-future\/"},"wordCount":434,"publisher":{"@id":"https:\/\/citylabbiobio.cl\/#organization"},"image":{"@id":"https:\/\/citylabbiobio.cl\/en\/city-lab-biobio-opens-call-for-startups-to-take-part-in-summit-to-dream-up-the-cities-of-the-future\/#primaryimage"},"thumbnailUrl":"https:\/\/d26q11cgz8q0ri.cloudfront.net\/2025\/10\/22192353\/pexels-canvastudio-3194521-scaled.jpg","articleSection":["news","summit"],"inLanguage":"en-US"},{"@type":"WebPage","@id":"https:\/\/citylabbiobio.cl\/en\/city-lab-biobio-opens-call-for-startups-to-take-part-in-summit-to-dream-up-the-cities-of-the-future\/","url":"https:\/\/citylabbiobio.cl\/en\/city-lab-biobio-opens-call-for-startups-to-take-part-in-summit-to-dream-up-the-cities-of-the-future\/","name":"City Lab Biob\u00edo Opens Call for Startups to Take Part in Summit to \"Dream Up\" the Cities of the Future - City Lab Biob\u00edo - evolucionamos la ciudad","isPartOf":{"@id":"https:\/\/citylabbiobio.cl\/#website"},"primaryImageOfPage":{"@id":"https:\/\/citylabbiobio.cl\/en\/city-lab-biobio-opens-call-for-startups-to-take-part-in-summit-to-dream-up-the-cities-of-the-future\/#primaryimage"},"image":{"@id":"https:\/\/citylabbiobio.cl\/en\/city-lab-biobio-opens-call-for-startups-to-take-part-in-summit-to-dream-up-the-cities-of-the-future\/#primaryimage"},"thumbnailUrl":"https:\/\/d26q11cgz8q0ri.cloudfront.net\/2025\/10\/22192353\/pexels-canvastudio-3194521-scaled.jpg","datePublished":"2025-08-08T15:22:29+00:00","breadcrumb":{"@id":"https:\/\/citylabbiobio.cl\/en\/city-lab-biobio-opens-call-for-startups-to-take-part-in-summit-to-dream-up-the-cities-of-the-future\/#breadcrumb"},"inLanguage":"en-US","potentialAction":[{"@type":"ReadAction","target":["https:\/\/citylabbiobio.cl\/en\/city-lab-biobio-opens-call-for-startups-to-take-part-in-summit-to-dream-up-the-cities-of-the-future\/"]}]},{"@type":"ImageObject","inLanguage":"en-US","@id":"https:\/\/citylabbiobio.cl\/en\/city-lab-biobio-opens-call-for-startups-to-take-part-in-summit-to-dream-up-the-cities-of-the-future\/#primaryimage","url":"https:\/\/d26q11cgz8q0ri.cloudfront.net\/2025\/10\/22192353\/pexels-canvastudio-3194521-scaled.jpg","contentUrl":"https:\/\/d26q11cgz8q0ri.cloudfront.net\/2025\/10\/22192353\/pexels-canvastudio-3194521-scaled.jpg","width":2560,"height":1707},{"@type":"BreadcrumbList","@id":"https:\/\/citylabbiobio.cl\/en\/city-lab-biobio-opens-call-for-startups-to-take-part-in-summit-to-dream-up-the-cities-of-the-future\/#breadcrumb","itemListElement":[{"@type":"ListItem","position":1,"name":"Portada","item":"https:\/\/citylabbiobio.cl\/en\/"},{"@type":"ListItem","position":2,"name":"City Lab Biob\u00edo Opens Call for Startups to Take Part in Summit to &#8220;Dream Up&#8221; the Cities of the Future"}]},{"@type":"WebSite","@id":"https:\/\/citylabbiobio.cl\/#website","url":"https:\/\/citylabbiobio.cl\/","name":"City Lab B\u00edo B\u00edo","description":"Evolucionamos la ciudad","publisher":{"@id":"https:\/\/citylabbiobio.cl\/#organization"},"alternateName":"Laboratorio de ciudad","potentialAction":[{"@type":"SearchAction","target":{"@type":"EntryPoint","urlTemplate":"https:\/\/citylabbiobio.cl\/?s={search_term_string}"},"query-input":{"@type":"PropertyValueSpecification","valueRequired":true,"valueName":"search_term_string"}}],"inLanguage":"en-US"},{"@type":"Organization","@id":"https:\/\/citylabbiobio.cl\/#organization","name":"City Lab B\u00edo B\u00edo","alternateName":"Laboratorio de Ciudad Biob\u00edo","url":"https:\/\/citylabbiobio.cl\/","logo":{"@type":"ImageObject","inLanguage":"en-US","@id":"https:\/\/citylabbiobio.cl\/#\/schema\/logo\/image\/","url":"https:\/\/citylabbiobio.cl\/wp-content\/uploads\/2023\/05\/logo-cl-mit.png","contentUrl":"https:\/\/citylabbiobio.cl\/wp-content\/uploads\/2023\/05\/logo-cl-mit.png","width":290,"height":83,"caption":"City Lab B\u00edo B\u00edo"},"image":{"@id":"https:\/\/citylabbiobio.cl\/#\/schema\/logo\/image\/"},"sameAs":["https:\/\/www.youtube.com\/@CityLabBiobio","https:\/\/www.linkedin.com\/company\/citylabbiobio\/?originalSubdomain=cl","https:\/\/www.instagram.com\/citylabbiobio\/"]},{"@type":"Person","@id":"https:\/\/citylabbiobio.cl\/#\/schema\/person\/a4018527f447772f82fb385355acef86","name":"Germ\u00e1n Fuentes","image":{"@type":"ImageObject","inLanguage":"en-US","@id":"https:\/\/secure.gravatar.com\/avatar\/f566b5071d5240879df0c13e29615dd4d51284eb5db8a4039acb1b32d2926369?s=96&d=mm&r=g","url":"https:\/\/secure.gravatar.com\/avatar\/f566b5071d5240879df0c13e29615dd4d51284eb5db8a4039acb1b32d2926369?s=96&d=mm&r=g","contentUrl":"https:\/\/secure.gravatar.com\/avatar\/f566b5071d5240879df0c13e29615dd4d51284eb5db8a4039acb1b32d2926369?s=96&d=mm&r=g","caption":"Germ\u00e1n Fuentes"},"url":"https:\/\/citylabbiobio.cl\/en\/author\/german-fuentes\/"}]}},"_links":{"self":[{"href":"https:\/\/citylabbiobio.cl\/en\/wp-json\/wp\/v2\/posts\/5154","targetHints":{"allow":["GET"]}}],"collection":[{"href":"https:\/\/citylabbiobio.cl\/en\/wp-json\/wp\/v2\/posts"}],"about":[{"href":"https:\/\/citylabbiobio.cl\/en\/wp-json\/wp\/v2\/types\/post"}],"author":[{"embeddable":true,"href":"https:\/\/citylabbiobio.cl\/en\/wp-json\/wp\/v2\/users\/5"}],"replies":[{"embeddable":true,"href":"https:\/\/citylabbiobio.cl\/en\/wp-json\/wp\/v2\/comments?post=5154"}],"version-history":[{"count":0,"href":"https:\/\/citylabbiobio.cl\/en\/wp-json\/wp\/v2\/posts\/5154\/revisions"}],"wp:featuredmedia":[{"embeddable":true,"href":"https:\/\/citylabbiobio.cl\/en\/wp-json\/wp\/v2\/media\/4285"}],"wp:attachment":[{"href":"https:\/\/citylabbiobio.cl\/en\/wp-json\/wp\/v2\/media?parent=5154"}],"wp:term":[{"taxonomy":"category","embeddable":true,"href":"https:\/\/citylabbiobio.cl\/en\/wp-json\/wp\/v2\/categories?post=5154"},{"taxonomy":"post_tag","embeddable":true,"href":"https:\/\/citylabbiobio.cl\/en\/wp-json\/wp\/v2\/tags?post=5154"}],"curies":[{"name":"wp","href":"https:\/\/api.w.org\/{rel}","templated":true}]}}