{"id":5168,"date":"2024-06-25T16:40:54","date_gmt":"2024-06-25T20:40:54","guid":{"rendered":"https:\/\/citylabbiobio.cl\/city-lab-biobio-takes-part-in-the-second-metropolitan-forum-on-the-metropolitan-regulatory-plan\/"},"modified":"2024-06-25T16:40:54","modified_gmt":"2024-06-25T20:40:54","slug":"city-lab-biobio-takes-part-in-the-second-metropolitan-forum-on-the-metropolitan-regulatory-plan","status":"publish","type":"post","link":"https:\/\/citylabbiobio.cl\/en\/city-lab-biobio-takes-part-in-the-second-metropolitan-forum-on-the-metropolitan-regulatory-plan\/","title":{"rendered":"City Lab Biob\u00edo Takes Part in the Second Metropolitan Forum on the Metropolitan Regulatory Plan"},"content":{"rendered":"<p>Urgent. That is how the Regional Ministerial Secretary of Housing and Urban Planning, Claudia Toledo, characterised the task of creating and defining the target vision for Greater Concepci\u00f3n&#8217;s planning instrument \u2014 because the Metropolitan Regulatory Plan currently in force dates from 2003, and the macro-urban area of the province has changed dramatically since then.  <\/p>\n<p>Drawing together the public sector, private sector actors, academia, social organisations and residents of Greater Concepci\u00f3n, the second Forum launched the validation stage of the target vision \u2014 a step described as key to &#8220;defining a shared vision for the development of the Concepci\u00f3n metropolitan area, with particular focus on planning objectives across five thematic pillars.&#8221;<\/p>\n<p>Marcela Mart\u00ednez, directora de estudios del laboratorio, indic\u00f3 que &#8220;el City Lab es parte de un ecosistema de entidades que estudian la ciudad. Cada uno de ellos con un enfoque en particular, y el de nosotros es anticipar el futuro de las zonas de estudio que estamos abordando, como lo son el Sector Costanera de Concepci\u00f3n, la dimensi\u00f3n de transporte y movilidad para San Pedro de La Paz y la interacci\u00f3n ciudad &#8211; puerto en Talcahuano. Sumarnos a este encuentro reviste una oportunidad para contribuir al di\u00e1logo junto con otros actores sobre el futuro de nuestra \u00e1rea metropolitana, bajo el enfoque de la ciencia de ciudad que estamos desarrollando en cooperaci\u00f3n con el MIT Media Lab&#8221;.<\/p>\n<p>In concrete terms, the target vision brings together the shared aspirations of all residents across the municipalities of Concepci\u00f3n, Chiguayante, Hualp\u00e9n, Talcahuano, Hualqui, San Pedro de la Paz, Coronel, Lota, Penco, Tom\u00e9 and Santa Juana. Florida is currently being assessed for possible inclusion in the Metropolitan Regulatory Plan. The five pillars underpinning this shared metropolitan vision are Mobility, Industry and Infrastructure, Environment and Risk, Social Integration and Rural Territory.  <\/p>\n<p>&#8220;These are major issues that are debated and discussed separately, but which will at some point converge in this target vision. It will be a challenge for our city science laboratory to use this document \u2014 once formalised \u2014 as a framework for data visualisations, projects and future scenarios,&#8221; added Helen de la Fuente, data and GIS manager at City Lab Biob\u00edo.<\/p>\n<p>The next steps in the elaboration of the Metropolitan Regulatory Plan are a series of municipal workshops that will open the debate to all residents of Greater Concepci\u00f3n.<\/p>\n<p>More information in <a href=\"https:\/\/www.imagenobjetivoprmc.cl\/\">imagenobjetivoprmc.cl<\/a><\/p>\n","protected":false},"excerpt":{"rendered":"<p>Urgent. That is how the Regional Ministerial Secretary of Housing  [&#8230;]<\/p>\n","protected":false},"author":4,"featured_media":2059,"comment_status":"closed","ping_status":"closed","sticky":false,"template":"","format":"standard","meta":{"footnotes":""},"categories":[38],"tags":[],"class_list":["post-5168","post","type-post","status-publish","format-standard","has-post-thumbnail","hentry","category-uncategorized-en"],"yoast_head":"<!-- This site is optimized with the Yoast SEO plugin v27.3 - https:\/\/yoast.com\/product\/yoast-seo-wordpress\/ -->\n<title>City Lab Biob\u00edo Takes Part in the Second Metropolitan Forum on the Metropolitan Regulatory Plan - City Lab Biob\u00edo - evolucionamos la ciudad<\/title>\n<meta name=\"robots\" content=\"index, follow, max-snippet:-1, max-image-preview:large, max-video-preview:-1\" \/>\n<link rel=\"canonical\" href=\"https:\/\/citylabbiobio.cl\/en\/city-lab-biobio-takes-part-in-the-second-metropolitan-forum-on-the-metropolitan-regulatory-plan\/\" \/>\n<meta property=\"og:locale\" content=\"en_US\" \/>\n<meta property=\"og:type\" content=\"article\" \/>\n<meta property=\"og:title\" content=\"City Lab Biob\u00edo Takes Part in the Second Metropolitan Forum on the Metropolitan Regulatory Plan - City Lab Biob\u00edo - evolucionamos la ciudad\" \/>\n<meta property=\"og:description\" content=\"Urgent. That is how the Regional Ministerial Secretary of Housing [...]\" \/>\n<meta property=\"og:url\" content=\"https:\/\/citylabbiobio.cl\/en\/city-lab-biobio-takes-part-in-the-second-metropolitan-forum-on-the-metropolitan-regulatory-plan\/\" \/>\n<meta property=\"og:site_name\" content=\"City Lab Biob\u00edo - evolucionamos la ciudad\" \/>\n<meta property=\"article:published_time\" content=\"2024-06-25T20:40:54+00:00\" \/>\n<meta property=\"og:image\" content=\"https:\/\/d26q11cgz8q0ri.cloudfront.net\/2023\/11\/21115155\/DJI_07360-scaled.jpg\" \/>\n\t<meta property=\"og:image:width\" content=\"2560\" \/>\n\t<meta property=\"og:image:height\" content=\"768\" \/>\n\t<meta property=\"og:image:type\" content=\"image\/jpeg\" \/>\n<meta name=\"author\" content=\"juan-eduardo\" \/>\n<meta name=\"twitter:card\" content=\"summary_large_image\" \/>\n<meta name=\"twitter:label1\" content=\"Written by\" \/>\n\t<meta name=\"twitter:data1\" content=\"juan-eduardo\" \/>\n\t<meta name=\"twitter:label2\" content=\"Est. reading time\" \/>\n\t<meta name=\"twitter:data2\" content=\"2 minutes\" \/>\n<script type=\"application\/ld+json\" class=\"yoast-schema-graph\">{\"@context\":\"https:\\\/\\\/schema.org\",\"@graph\":[{\"@type\":\"Article\",\"@id\":\"https:\\\/\\\/citylabbiobio.cl\\\/en\\\/city-lab-biobio-takes-part-in-the-second-metropolitan-forum-on-the-metropolitan-regulatory-plan\\\/#article\",\"isPartOf\":{\"@id\":\"https:\\\/\\\/citylabbiobio.cl\\\/en\\\/city-lab-biobio-takes-part-in-the-second-metropolitan-forum-on-the-metropolitan-regulatory-plan\\\/\"},\"author\":{\"name\":\"juan-eduardo\",\"@id\":\"https:\\\/\\\/citylabbiobio.cl\\\/#\\\/schema\\\/person\\\/93abb1056914e2ffcc919c06aa53c3db\"},\"headline\":\"City Lab Biob\u00edo Takes Part in the Second Metropolitan Forum on the Metropolitan Regulatory Plan\",\"datePublished\":\"2024-06-25T20:40:54+00:00\",\"mainEntityOfPage\":{\"@id\":\"https:\\\/\\\/citylabbiobio.cl\\\/en\\\/city-lab-biobio-takes-part-in-the-second-metropolitan-forum-on-the-metropolitan-regulatory-plan\\\/\"},\"wordCount\":415,\"publisher\":{\"@id\":\"https:\\\/\\\/citylabbiobio.cl\\\/#organization\"},\"image\":{\"@id\":\"https:\\\/\\\/citylabbiobio.cl\\\/en\\\/city-lab-biobio-takes-part-in-the-second-metropolitan-forum-on-the-metropolitan-regulatory-plan\\\/#primaryimage\"},\"thumbnailUrl\":\"https:\\\/\\\/d26q11cgz8q0ri.cloudfront.net\\\/2023\\\/11\\\/21115155\\\/DJI_07360-scaled.jpg\",\"inLanguage\":\"en-US\"},{\"@type\":\"WebPage\",\"@id\":\"https:\\\/\\\/citylabbiobio.cl\\\/en\\\/city-lab-biobio-takes-part-in-the-second-metropolitan-forum-on-the-metropolitan-regulatory-plan\\\/\",\"url\":\"https:\\\/\\\/citylabbiobio.cl\\\/en\\\/city-lab-biobio-takes-part-in-the-second-metropolitan-forum-on-the-metropolitan-regulatory-plan\\\/\",\"name\":\"City Lab Biob\u00edo Takes Part in the Second Metropolitan Forum on the Metropolitan Regulatory Plan - City Lab Biob\u00edo - evolucionamos la ciudad\",\"isPartOf\":{\"@id\":\"https:\\\/\\\/citylabbiobio.cl\\\/#website\"},\"primaryImageOfPage\":{\"@id\":\"https:\\\/\\\/citylabbiobio.cl\\\/en\\\/city-lab-biobio-takes-part-in-the-second-metropolitan-forum-on-the-metropolitan-regulatory-plan\\\/#primaryimage\"},\"image\":{\"@id\":\"https:\\\/\\\/citylabbiobio.cl\\\/en\\\/city-lab-biobio-takes-part-in-the-second-metropolitan-forum-on-the-metropolitan-regulatory-plan\\\/#primaryimage\"},\"thumbnailUrl\":\"https:\\\/\\\/d26q11cgz8q0ri.cloudfront.net\\\/2023\\\/11\\\/21115155\\\/DJI_07360-scaled.jpg\",\"datePublished\":\"2024-06-25T20:40:54+00:00\",\"breadcrumb\":{\"@id\":\"https:\\\/\\\/citylabbiobio.cl\\\/en\\\/city-lab-biobio-takes-part-in-the-second-metropolitan-forum-on-the-metropolitan-regulatory-plan\\\/#breadcrumb\"},\"inLanguage\":\"en-US\",\"potentialAction\":[{\"@type\":\"ReadAction\",\"target\":[\"https:\\\/\\\/citylabbiobio.cl\\\/en\\\/city-lab-biobio-takes-part-in-the-second-metropolitan-forum-on-the-metropolitan-regulatory-plan\\\/\"]}]},{\"@type\":\"ImageObject\",\"inLanguage\":\"en-US\",\"@id\":\"https:\\\/\\\/citylabbiobio.cl\\\/en\\\/city-lab-biobio-takes-part-in-the-second-metropolitan-forum-on-the-metropolitan-regulatory-plan\\\/#primaryimage\",\"url\":\"https:\\\/\\\/d26q11cgz8q0ri.cloudfront.net\\\/2023\\\/11\\\/21115155\\\/DJI_07360-scaled.jpg\",\"contentUrl\":\"https:\\\/\\\/d26q11cgz8q0ri.cloudfront.net\\\/2023\\\/11\\\/21115155\\\/DJI_07360-scaled.jpg\",\"width\":2560,\"height\":1440},{\"@type\":\"BreadcrumbList\",\"@id\":\"https:\\\/\\\/citylabbiobio.cl\\\/en\\\/city-lab-biobio-takes-part-in-the-second-metropolitan-forum-on-the-metropolitan-regulatory-plan\\\/#breadcrumb\",\"itemListElement\":[{\"@type\":\"ListItem\",\"position\":1,\"name\":\"Portada\",\"item\":\"https:\\\/\\\/citylabbiobio.cl\\\/en\\\/\"},{\"@type\":\"ListItem\",\"position\":2,\"name\":\"City Lab Biob\u00edo Takes Part in the Second Metropolitan Forum on the Metropolitan Regulatory Plan\"}]},{\"@type\":\"WebSite\",\"@id\":\"https:\\\/\\\/citylabbiobio.cl\\\/#website\",\"url\":\"https:\\\/\\\/citylabbiobio.cl\\\/\",\"name\":\"City Lab B\u00edo B\u00edo\",\"description\":\"Evolucionamos la ciudad\",\"publisher\":{\"@id\":\"https:\\\/\\\/citylabbiobio.cl\\\/#organization\"},\"alternateName\":\"Laboratorio de ciudad\",\"potentialAction\":[{\"@type\":\"SearchAction\",\"target\":{\"@type\":\"EntryPoint\",\"urlTemplate\":\"https:\\\/\\\/citylabbiobio.cl\\\/?s={search_term_string}\"},\"query-input\":{\"@type\":\"PropertyValueSpecification\",\"valueRequired\":true,\"valueName\":\"search_term_string\"}}],\"inLanguage\":\"en-US\"},{\"@type\":\"Organization\",\"@id\":\"https:\\\/\\\/citylabbiobio.cl\\\/#organization\",\"name\":\"City Lab B\u00edo B\u00edo\",\"alternateName\":\"Laboratorio de Ciudad Biob\u00edo\",\"url\":\"https:\\\/\\\/citylabbiobio.cl\\\/\",\"logo\":{\"@type\":\"ImageObject\",\"inLanguage\":\"en-US\",\"@id\":\"https:\\\/\\\/citylabbiobio.cl\\\/#\\\/schema\\\/logo\\\/image\\\/\",\"url\":\"https:\\\/\\\/citylabbiobio.cl\\\/wp-content\\\/uploads\\\/2023\\\/05\\\/logo-cl-mit.png\",\"contentUrl\":\"https:\\\/\\\/citylabbiobio.cl\\\/wp-content\\\/uploads\\\/2023\\\/05\\\/logo-cl-mit.png\",\"width\":290,\"height\":83,\"caption\":\"City Lab B\u00edo B\u00edo\"},\"image\":{\"@id\":\"https:\\\/\\\/citylabbiobio.cl\\\/#\\\/schema\\\/logo\\\/image\\\/\"},\"sameAs\":[\"https:\\\/\\\/www.youtube.com\\\/@CityLabBiobio\",\"https:\\\/\\\/www.linkedin.com\\\/company\\\/citylabbiobio\\\/?originalSubdomain=cl\",\"https:\\\/\\\/www.instagram.com\\\/citylabbiobio\\\/\"]},{\"@type\":\"Person\",\"@id\":\"https:\\\/\\\/citylabbiobio.cl\\\/#\\\/schema\\\/person\\\/93abb1056914e2ffcc919c06aa53c3db\",\"name\":\"juan-eduardo\",\"image\":{\"@type\":\"ImageObject\",\"inLanguage\":\"en-US\",\"@id\":\"https:\\\/\\\/secure.gravatar.com\\\/avatar\\\/9e51df0fc7b8f95a292f37b5535046e5b48188014592ab18f5bd356fbf7cf468?s=96&d=mm&r=g\",\"url\":\"https:\\\/\\\/secure.gravatar.com\\\/avatar\\\/9e51df0fc7b8f95a292f37b5535046e5b48188014592ab18f5bd356fbf7cf468?s=96&d=mm&r=g\",\"contentUrl\":\"https:\\\/\\\/secure.gravatar.com\\\/avatar\\\/9e51df0fc7b8f95a292f37b5535046e5b48188014592ab18f5bd356fbf7cf468?s=96&d=mm&r=g\",\"caption\":\"juan-eduardo\"},\"url\":\"https:\\\/\\\/citylabbiobio.cl\\\/en\\\/author\\\/juan-eduardo\\\/\"}]}<\/script>\n<!-- \/ Yoast SEO plugin. -->","yoast_head_json":{"title":"City Lab Biob\u00edo Takes Part in the Second Metropolitan Forum on the Metropolitan Regulatory Plan - City Lab Biob\u00edo - evolucionamos la ciudad","robots":{"index":"index","follow":"follow","max-snippet":"max-snippet:-1","max-image-preview":"max-image-preview:large","max-video-preview":"max-video-preview:-1"},"canonical":"https:\/\/citylabbiobio.cl\/en\/city-lab-biobio-takes-part-in-the-second-metropolitan-forum-on-the-metropolitan-regulatory-plan\/","og_locale":"en_US","og_type":"article","og_title":"City Lab Biob\u00edo Takes Part in the Second Metropolitan Forum on the Metropolitan Regulatory Plan - City Lab Biob\u00edo - evolucionamos la ciudad","og_description":"Urgent. That is how the Regional Ministerial Secretary of Housing [...]","og_url":"https:\/\/citylabbiobio.cl\/en\/city-lab-biobio-takes-part-in-the-second-metropolitan-forum-on-the-metropolitan-regulatory-plan\/","og_site_name":"City Lab Biob\u00edo - evolucionamos la ciudad","article_published_time":"2024-06-25T20:40:54+00:00","og_image":[{"width":2560,"height":768,"url":"https:\/\/d26q11cgz8q0ri.cloudfront.net\/2023\/11\/21115155\/DJI_07360-scaled.jpg","type":"image\/jpeg"}],"author":"juan-eduardo","twitter_card":"summary_large_image","twitter_misc":{"Written by":"juan-eduardo","Est. reading time":"2 minutes"},"schema":{"@context":"https:\/\/schema.org","@graph":[{"@type":"Article","@id":"https:\/\/citylabbiobio.cl\/en\/city-lab-biobio-takes-part-in-the-second-metropolitan-forum-on-the-metropolitan-regulatory-plan\/#article","isPartOf":{"@id":"https:\/\/citylabbiobio.cl\/en\/city-lab-biobio-takes-part-in-the-second-metropolitan-forum-on-the-metropolitan-regulatory-plan\/"},"author":{"name":"juan-eduardo","@id":"https:\/\/citylabbiobio.cl\/#\/schema\/person\/93abb1056914e2ffcc919c06aa53c3db"},"headline":"City Lab Biob\u00edo Takes Part in the Second Metropolitan Forum on the Metropolitan Regulatory Plan","datePublished":"2024-06-25T20:40:54+00:00","mainEntityOfPage":{"@id":"https:\/\/citylabbiobio.cl\/en\/city-lab-biobio-takes-part-in-the-second-metropolitan-forum-on-the-metropolitan-regulatory-plan\/"},"wordCount":415,"publisher":{"@id":"https:\/\/citylabbiobio.cl\/#organization"},"image":{"@id":"https:\/\/citylabbiobio.cl\/en\/city-lab-biobio-takes-part-in-the-second-metropolitan-forum-on-the-metropolitan-regulatory-plan\/#primaryimage"},"thumbnailUrl":"https:\/\/d26q11cgz8q0ri.cloudfront.net\/2023\/11\/21115155\/DJI_07360-scaled.jpg","inLanguage":"en-US"},{"@type":"WebPage","@id":"https:\/\/citylabbiobio.cl\/en\/city-lab-biobio-takes-part-in-the-second-metropolitan-forum-on-the-metropolitan-regulatory-plan\/","url":"https:\/\/citylabbiobio.cl\/en\/city-lab-biobio-takes-part-in-the-second-metropolitan-forum-on-the-metropolitan-regulatory-plan\/","name":"City Lab Biob\u00edo Takes Part in the Second Metropolitan Forum on the Metropolitan Regulatory Plan - City Lab Biob\u00edo - evolucionamos la ciudad","isPartOf":{"@id":"https:\/\/citylabbiobio.cl\/#website"},"primaryImageOfPage":{"@id":"https:\/\/citylabbiobio.cl\/en\/city-lab-biobio-takes-part-in-the-second-metropolitan-forum-on-the-metropolitan-regulatory-plan\/#primaryimage"},"image":{"@id":"https:\/\/citylabbiobio.cl\/en\/city-lab-biobio-takes-part-in-the-second-metropolitan-forum-on-the-metropolitan-regulatory-plan\/#primaryimage"},"thumbnailUrl":"https:\/\/d26q11cgz8q0ri.cloudfront.net\/2023\/11\/21115155\/DJI_07360-scaled.jpg","datePublished":"2024-06-25T20:40:54+00:00","breadcrumb":{"@id":"https:\/\/citylabbiobio.cl\/en\/city-lab-biobio-takes-part-in-the-second-metropolitan-forum-on-the-metropolitan-regulatory-plan\/#breadcrumb"},"inLanguage":"en-US","potentialAction":[{"@type":"ReadAction","target":["https:\/\/citylabbiobio.cl\/en\/city-lab-biobio-takes-part-in-the-second-metropolitan-forum-on-the-metropolitan-regulatory-plan\/"]}]},{"@type":"ImageObject","inLanguage":"en-US","@id":"https:\/\/citylabbiobio.cl\/en\/city-lab-biobio-takes-part-in-the-second-metropolitan-forum-on-the-metropolitan-regulatory-plan\/#primaryimage","url":"https:\/\/d26q11cgz8q0ri.cloudfront.net\/2023\/11\/21115155\/DJI_07360-scaled.jpg","contentUrl":"https:\/\/d26q11cgz8q0ri.cloudfront.net\/2023\/11\/21115155\/DJI_07360-scaled.jpg","width":2560,"height":1440},{"@type":"BreadcrumbList","@id":"https:\/\/citylabbiobio.cl\/en\/city-lab-biobio-takes-part-in-the-second-metropolitan-forum-on-the-metropolitan-regulatory-plan\/#breadcrumb","itemListElement":[{"@type":"ListItem","position":1,"name":"Portada","item":"https:\/\/citylabbiobio.cl\/en\/"},{"@type":"ListItem","position":2,"name":"City Lab Biob\u00edo Takes Part in the Second Metropolitan Forum on the Metropolitan Regulatory Plan"}]},{"@type":"WebSite","@id":"https:\/\/citylabbiobio.cl\/#website","url":"https:\/\/citylabbiobio.cl\/","name":"City Lab B\u00edo B\u00edo","description":"Evolucionamos la ciudad","publisher":{"@id":"https:\/\/citylabbiobio.cl\/#organization"},"alternateName":"Laboratorio de ciudad","potentialAction":[{"@type":"SearchAction","target":{"@type":"EntryPoint","urlTemplate":"https:\/\/citylabbiobio.cl\/?s={search_term_string}"},"query-input":{"@type":"PropertyValueSpecification","valueRequired":true,"valueName":"search_term_string"}}],"inLanguage":"en-US"},{"@type":"Organization","@id":"https:\/\/citylabbiobio.cl\/#organization","name":"City Lab B\u00edo B\u00edo","alternateName":"Laboratorio de Ciudad Biob\u00edo","url":"https:\/\/citylabbiobio.cl\/","logo":{"@type":"ImageObject","inLanguage":"en-US","@id":"https:\/\/citylabbiobio.cl\/#\/schema\/logo\/image\/","url":"https:\/\/citylabbiobio.cl\/wp-content\/uploads\/2023\/05\/logo-cl-mit.png","contentUrl":"https:\/\/citylabbiobio.cl\/wp-content\/uploads\/2023\/05\/logo-cl-mit.png","width":290,"height":83,"caption":"City Lab B\u00edo B\u00edo"},"image":{"@id":"https:\/\/citylabbiobio.cl\/#\/schema\/logo\/image\/"},"sameAs":["https:\/\/www.youtube.com\/@CityLabBiobio","https:\/\/www.linkedin.com\/company\/citylabbiobio\/?originalSubdomain=cl","https:\/\/www.instagram.com\/citylabbiobio\/"]},{"@type":"Person","@id":"https:\/\/citylabbiobio.cl\/#\/schema\/person\/93abb1056914e2ffcc919c06aa53c3db","name":"juan-eduardo","image":{"@type":"ImageObject","inLanguage":"en-US","@id":"https:\/\/secure.gravatar.com\/avatar\/9e51df0fc7b8f95a292f37b5535046e5b48188014592ab18f5bd356fbf7cf468?s=96&d=mm&r=g","url":"https:\/\/secure.gravatar.com\/avatar\/9e51df0fc7b8f95a292f37b5535046e5b48188014592ab18f5bd356fbf7cf468?s=96&d=mm&r=g","contentUrl":"https:\/\/secure.gravatar.com\/avatar\/9e51df0fc7b8f95a292f37b5535046e5b48188014592ab18f5bd356fbf7cf468?s=96&d=mm&r=g","caption":"juan-eduardo"},"url":"https:\/\/citylabbiobio.cl\/en\/author\/juan-eduardo\/"}]}},"_links":{"self":[{"href":"https:\/\/citylabbiobio.cl\/en\/wp-json\/wp\/v2\/posts\/5168","targetHints":{"allow":["GET"]}}],"collection":[{"href":"https:\/\/citylabbiobio.cl\/en\/wp-json\/wp\/v2\/posts"}],"about":[{"href":"https:\/\/citylabbiobio.cl\/en\/wp-json\/wp\/v2\/types\/post"}],"author":[{"embeddable":true,"href":"https:\/\/citylabbiobio.cl\/en\/wp-json\/wp\/v2\/users\/4"}],"replies":[{"embeddable":true,"href":"https:\/\/citylabbiobio.cl\/en\/wp-json\/wp\/v2\/comments?post=5168"}],"version-history":[{"count":0,"href":"https:\/\/citylabbiobio.cl\/en\/wp-json\/wp\/v2\/posts\/5168\/revisions"}],"wp:featuredmedia":[{"embeddable":true,"href":"https:\/\/citylabbiobio.cl\/en\/wp-json\/wp\/v2\/media\/2059"}],"wp:attachment":[{"href":"https:\/\/citylabbiobio.cl\/en\/wp-json\/wp\/v2\/media?parent=5168"}],"wp:term":[{"taxonomy":"category","embeddable":true,"href":"https:\/\/citylabbiobio.cl\/en\/wp-json\/wp\/v2\/categories?post=5168"},{"taxonomy":"post_tag","embeddable":true,"href":"https:\/\/citylabbiobio.cl\/en\/wp-json\/wp\/v2\/tags?post=5168"}],"curies":[{"name":"wp","href":"https:\/\/api.w.org\/{rel}","templated":true}]}}