{"id":5171,"date":"2024-03-01T15:19:11","date_gmt":"2024-03-01T19:19:11","guid":{"rendered":"https:\/\/citylabbiobio.cl\/destacado-urbanista-de-concepcion-celebra-logro-de-city-lab-biobio\/"},"modified":"2024-03-01T15:19:11","modified_gmt":"2024-03-01T19:19:11","slug":"destacado-urbanista-de-concepcion-celebra-logro-de-city-lab-biobio","status":"publish","type":"post","link":"https:\/\/citylabbiobio.cl\/en\/destacado-urbanista-de-concepcion-celebra-logro-de-city-lab-biobio\/","title":{"rendered":"Destacado urbanista de Concepci\u00f3n celebra logro de City Lab Biob\u00edo"},"content":{"rendered":"<p>It took no more than 15 minutes for Sergio Baeriswyl \u2014 the prominent urban planner, academic at Universidad del B\u00edo-B\u00edo and former president of the National Urban Development Council \u2014 to begin interacting with CityScope and assessing with his distinctive eye the workings of the interactive platform built entirely with local talent.<\/p>\n<p>Developed to model future urban scenarios in a neighbourhood that Baeriswyl knows in detail, he and Marcela Mart\u00ednez went point by point, indicator by indicator, through the functionalities of CityScope and the potential of this technology to realise the long-held aspiration of bringing the city closer to the Biob\u00edo River.<\/p>\n<p>Reflecting on the visit, Marcela Mart\u00ednez, director of City Lab Biob\u00edo, said: &#8220;Having a specialist like Sergio Baeriswyl interact with CityScope is a milestone for us, especially because the dynamic of his visit was one of constant feedback \u2014 both he and we learned about the history of the neighbourhood, what we can do with the technology and how to put it at the service of efforts to live in a better city.&#8221;<\/p>\n<p>&#8220;CityScope is a tremendous tool for visualising the future of the city. It is a very interesting platform for strengthening urban public policy in the region. Seeing and using this technology, you feel the temptation to explore how a pedestrian integration between the city centre and the northern riverbank might work. City Lab Biob\u00edo has the opportunity to make a very important contribution to helping people connect with this territory,&#8221; said Sergio Baeriswyl at the close of his visit.<\/p>\n","protected":false},"excerpt":{"rendered":"<p>It took no more than 15 minutes for Sergio Baeriswyl  [&#8230;]<\/p>\n","protected":false},"author":4,"featured_media":2070,"comment_status":"closed","ping_status":"closed","sticky":false,"template":"","format":"standard","meta":{"footnotes":""},"categories":[38],"tags":[],"class_list":["post-5171","post","type-post","status-publish","format-standard","has-post-thumbnail","hentry","category-uncategorized-en"],"yoast_head":"<!-- This site is optimized with the Yoast SEO plugin v27.3 - https:\/\/yoast.com\/product\/yoast-seo-wordpress\/ -->\n<title>Destacado urbanista de Concepci\u00f3n celebra logro de City Lab Biob\u00edo - City Lab Biob\u00edo - evolucionamos la ciudad<\/title>\n<meta name=\"robots\" content=\"index, follow, max-snippet:-1, max-image-preview:large, max-video-preview:-1\" \/>\n<link rel=\"canonical\" href=\"https:\/\/citylabbiobio.cl\/en\/destacado-urbanista-de-concepcion-celebra-logro-de-city-lab-biobio\/\" \/>\n<meta property=\"og:locale\" content=\"en_US\" \/>\n<meta property=\"og:type\" content=\"article\" \/>\n<meta property=\"og:title\" content=\"Destacado urbanista de Concepci\u00f3n celebra logro de City Lab Biob\u00edo - City Lab Biob\u00edo - evolucionamos la ciudad\" \/>\n<meta property=\"og:description\" content=\"It took no more than 15 minutes for Sergio Baeriswyl [...]\" \/>\n<meta property=\"og:url\" content=\"https:\/\/citylabbiobio.cl\/en\/destacado-urbanista-de-concepcion-celebra-logro-de-city-lab-biobio\/\" \/>\n<meta property=\"og:site_name\" content=\"City Lab Biob\u00edo - evolucionamos la ciudad\" \/>\n<meta property=\"article:published_time\" content=\"2024-03-01T19:19:11+00:00\" \/>\n<meta property=\"og:image\" content=\"https:\/\/d26q11cgz8q0ri.cloudfront.net\/2024\/03\/21114653\/CCP-4-scaled.jpg\" \/>\n\t<meta property=\"og:image:width\" content=\"2560\" \/>\n\t<meta property=\"og:image:height\" content=\"2560\" \/>\n\t<meta property=\"og:image:type\" content=\"image\/jpeg\" \/>\n<meta name=\"author\" content=\"juan-eduardo\" \/>\n<meta name=\"twitter:card\" content=\"summary_large_image\" \/>\n<meta name=\"twitter:label1\" content=\"Written by\" \/>\n\t<meta name=\"twitter:data1\" content=\"juan-eduardo\" \/>\n\t<meta name=\"twitter:label2\" content=\"Est. reading time\" \/>\n\t<meta name=\"twitter:data2\" content=\"1 minute\" \/>\n<script type=\"application\/ld+json\" class=\"yoast-schema-graph\">{\"@context\":\"https:\\\/\\\/schema.org\",\"@graph\":[{\"@type\":\"Article\",\"@id\":\"https:\\\/\\\/citylabbiobio.cl\\\/en\\\/destacado-urbanista-de-concepcion-celebra-logro-de-city-lab-biobio\\\/#article\",\"isPartOf\":{\"@id\":\"https:\\\/\\\/citylabbiobio.cl\\\/en\\\/destacado-urbanista-de-concepcion-celebra-logro-de-city-lab-biobio\\\/\"},\"author\":{\"name\":\"juan-eduardo\",\"@id\":\"https:\\\/\\\/citylabbiobio.cl\\\/#\\\/schema\\\/person\\\/93abb1056914e2ffcc919c06aa53c3db\"},\"headline\":\"Destacado urbanista de Concepci\u00f3n celebra logro de City Lab Biob\u00edo\",\"datePublished\":\"2024-03-01T19:19:11+00:00\",\"mainEntityOfPage\":{\"@id\":\"https:\\\/\\\/citylabbiobio.cl\\\/en\\\/destacado-urbanista-de-concepcion-celebra-logro-de-city-lab-biobio\\\/\"},\"wordCount\":269,\"publisher\":{\"@id\":\"https:\\\/\\\/citylabbiobio.cl\\\/#organization\"},\"image\":{\"@id\":\"https:\\\/\\\/citylabbiobio.cl\\\/en\\\/destacado-urbanista-de-concepcion-celebra-logro-de-city-lab-biobio\\\/#primaryimage\"},\"thumbnailUrl\":\"https:\\\/\\\/d26q11cgz8q0ri.cloudfront.net\\\/2024\\\/03\\\/21114653\\\/CCP-4-scaled.jpg\",\"inLanguage\":\"en-US\"},{\"@type\":\"WebPage\",\"@id\":\"https:\\\/\\\/citylabbiobio.cl\\\/en\\\/destacado-urbanista-de-concepcion-celebra-logro-de-city-lab-biobio\\\/\",\"url\":\"https:\\\/\\\/citylabbiobio.cl\\\/en\\\/destacado-urbanista-de-concepcion-celebra-logro-de-city-lab-biobio\\\/\",\"name\":\"Destacado urbanista de Concepci\u00f3n celebra logro de City Lab Biob\u00edo - City Lab Biob\u00edo - evolucionamos la ciudad\",\"isPartOf\":{\"@id\":\"https:\\\/\\\/citylabbiobio.cl\\\/#website\"},\"primaryImageOfPage\":{\"@id\":\"https:\\\/\\\/citylabbiobio.cl\\\/en\\\/destacado-urbanista-de-concepcion-celebra-logro-de-city-lab-biobio\\\/#primaryimage\"},\"image\":{\"@id\":\"https:\\\/\\\/citylabbiobio.cl\\\/en\\\/destacado-urbanista-de-concepcion-celebra-logro-de-city-lab-biobio\\\/#primaryimage\"},\"thumbnailUrl\":\"https:\\\/\\\/d26q11cgz8q0ri.cloudfront.net\\\/2024\\\/03\\\/21114653\\\/CCP-4-scaled.jpg\",\"datePublished\":\"2024-03-01T19:19:11+00:00\",\"breadcrumb\":{\"@id\":\"https:\\\/\\\/citylabbiobio.cl\\\/en\\\/destacado-urbanista-de-concepcion-celebra-logro-de-city-lab-biobio\\\/#breadcrumb\"},\"inLanguage\":\"en-US\",\"potentialAction\":[{\"@type\":\"ReadAction\",\"target\":[\"https:\\\/\\\/citylabbiobio.cl\\\/en\\\/destacado-urbanista-de-concepcion-celebra-logro-de-city-lab-biobio\\\/\"]}]},{\"@type\":\"ImageObject\",\"inLanguage\":\"en-US\",\"@id\":\"https:\\\/\\\/citylabbiobio.cl\\\/en\\\/destacado-urbanista-de-concepcion-celebra-logro-de-city-lab-biobio\\\/#primaryimage\",\"url\":\"https:\\\/\\\/d26q11cgz8q0ri.cloudfront.net\\\/2024\\\/03\\\/21114653\\\/CCP-4-scaled.jpg\",\"contentUrl\":\"https:\\\/\\\/d26q11cgz8q0ri.cloudfront.net\\\/2024\\\/03\\\/21114653\\\/CCP-4-scaled.jpg\",\"width\":2560,\"height\":2560},{\"@type\":\"BreadcrumbList\",\"@id\":\"https:\\\/\\\/citylabbiobio.cl\\\/en\\\/destacado-urbanista-de-concepcion-celebra-logro-de-city-lab-biobio\\\/#breadcrumb\",\"itemListElement\":[{\"@type\":\"ListItem\",\"position\":1,\"name\":\"Portada\",\"item\":\"https:\\\/\\\/citylabbiobio.cl\\\/en\\\/\"},{\"@type\":\"ListItem\",\"position\":2,\"name\":\"Destacado urbanista de Concepci\u00f3n celebra logro de City Lab Biob\u00edo\"}]},{\"@type\":\"WebSite\",\"@id\":\"https:\\\/\\\/citylabbiobio.cl\\\/#website\",\"url\":\"https:\\\/\\\/citylabbiobio.cl\\\/\",\"name\":\"City Lab B\u00edo B\u00edo\",\"description\":\"Evolucionamos la ciudad\",\"publisher\":{\"@id\":\"https:\\\/\\\/citylabbiobio.cl\\\/#organization\"},\"alternateName\":\"Laboratorio de ciudad\",\"potentialAction\":[{\"@type\":\"SearchAction\",\"target\":{\"@type\":\"EntryPoint\",\"urlTemplate\":\"https:\\\/\\\/citylabbiobio.cl\\\/?s={search_term_string}\"},\"query-input\":{\"@type\":\"PropertyValueSpecification\",\"valueRequired\":true,\"valueName\":\"search_term_string\"}}],\"inLanguage\":\"en-US\"},{\"@type\":\"Organization\",\"@id\":\"https:\\\/\\\/citylabbiobio.cl\\\/#organization\",\"name\":\"City Lab B\u00edo B\u00edo\",\"alternateName\":\"Laboratorio de Ciudad Biob\u00edo\",\"url\":\"https:\\\/\\\/citylabbiobio.cl\\\/\",\"logo\":{\"@type\":\"ImageObject\",\"inLanguage\":\"en-US\",\"@id\":\"https:\\\/\\\/citylabbiobio.cl\\\/#\\\/schema\\\/logo\\\/image\\\/\",\"url\":\"https:\\\/\\\/citylabbiobio.cl\\\/wp-content\\\/uploads\\\/2023\\\/05\\\/logo-cl-mit.png\",\"contentUrl\":\"https:\\\/\\\/citylabbiobio.cl\\\/wp-content\\\/uploads\\\/2023\\\/05\\\/logo-cl-mit.png\",\"width\":290,\"height\":83,\"caption\":\"City Lab B\u00edo B\u00edo\"},\"image\":{\"@id\":\"https:\\\/\\\/citylabbiobio.cl\\\/#\\\/schema\\\/logo\\\/image\\\/\"},\"sameAs\":[\"https:\\\/\\\/www.youtube.com\\\/@CityLabBiobio\",\"https:\\\/\\\/www.linkedin.com\\\/company\\\/citylabbiobio\\\/?originalSubdomain=cl\",\"https:\\\/\\\/www.instagram.com\\\/citylabbiobio\\\/\"]},{\"@type\":\"Person\",\"@id\":\"https:\\\/\\\/citylabbiobio.cl\\\/#\\\/schema\\\/person\\\/93abb1056914e2ffcc919c06aa53c3db\",\"name\":\"juan-eduardo\",\"image\":{\"@type\":\"ImageObject\",\"inLanguage\":\"en-US\",\"@id\":\"https:\\\/\\\/secure.gravatar.com\\\/avatar\\\/9e51df0fc7b8f95a292f37b5535046e5b48188014592ab18f5bd356fbf7cf468?s=96&d=mm&r=g\",\"url\":\"https:\\\/\\\/secure.gravatar.com\\\/avatar\\\/9e51df0fc7b8f95a292f37b5535046e5b48188014592ab18f5bd356fbf7cf468?s=96&d=mm&r=g\",\"contentUrl\":\"https:\\\/\\\/secure.gravatar.com\\\/avatar\\\/9e51df0fc7b8f95a292f37b5535046e5b48188014592ab18f5bd356fbf7cf468?s=96&d=mm&r=g\",\"caption\":\"juan-eduardo\"},\"url\":\"https:\\\/\\\/citylabbiobio.cl\\\/en\\\/author\\\/juan-eduardo\\\/\"}]}<\/script>\n<!-- \/ Yoast SEO plugin. -->","yoast_head_json":{"title":"Destacado urbanista de Concepci\u00f3n celebra logro de City Lab Biob\u00edo - City Lab Biob\u00edo - evolucionamos la ciudad","robots":{"index":"index","follow":"follow","max-snippet":"max-snippet:-1","max-image-preview":"max-image-preview:large","max-video-preview":"max-video-preview:-1"},"canonical":"https:\/\/citylabbiobio.cl\/en\/destacado-urbanista-de-concepcion-celebra-logro-de-city-lab-biobio\/","og_locale":"en_US","og_type":"article","og_title":"Destacado urbanista de Concepci\u00f3n celebra logro de City Lab Biob\u00edo - City Lab Biob\u00edo - evolucionamos la ciudad","og_description":"It took no more than 15 minutes for Sergio Baeriswyl [...]","og_url":"https:\/\/citylabbiobio.cl\/en\/destacado-urbanista-de-concepcion-celebra-logro-de-city-lab-biobio\/","og_site_name":"City Lab Biob\u00edo - evolucionamos la ciudad","article_published_time":"2024-03-01T19:19:11+00:00","og_image":[{"width":2560,"height":2560,"url":"https:\/\/d26q11cgz8q0ri.cloudfront.net\/2024\/03\/21114653\/CCP-4-scaled.jpg","type":"image\/jpeg"}],"author":"juan-eduardo","twitter_card":"summary_large_image","twitter_misc":{"Written by":"juan-eduardo","Est. reading time":"1 minute"},"schema":{"@context":"https:\/\/schema.org","@graph":[{"@type":"Article","@id":"https:\/\/citylabbiobio.cl\/en\/destacado-urbanista-de-concepcion-celebra-logro-de-city-lab-biobio\/#article","isPartOf":{"@id":"https:\/\/citylabbiobio.cl\/en\/destacado-urbanista-de-concepcion-celebra-logro-de-city-lab-biobio\/"},"author":{"name":"juan-eduardo","@id":"https:\/\/citylabbiobio.cl\/#\/schema\/person\/93abb1056914e2ffcc919c06aa53c3db"},"headline":"Destacado urbanista de Concepci\u00f3n celebra logro de City Lab Biob\u00edo","datePublished":"2024-03-01T19:19:11+00:00","mainEntityOfPage":{"@id":"https:\/\/citylabbiobio.cl\/en\/destacado-urbanista-de-concepcion-celebra-logro-de-city-lab-biobio\/"},"wordCount":269,"publisher":{"@id":"https:\/\/citylabbiobio.cl\/#organization"},"image":{"@id":"https:\/\/citylabbiobio.cl\/en\/destacado-urbanista-de-concepcion-celebra-logro-de-city-lab-biobio\/#primaryimage"},"thumbnailUrl":"https:\/\/d26q11cgz8q0ri.cloudfront.net\/2024\/03\/21114653\/CCP-4-scaled.jpg","inLanguage":"en-US"},{"@type":"WebPage","@id":"https:\/\/citylabbiobio.cl\/en\/destacado-urbanista-de-concepcion-celebra-logro-de-city-lab-biobio\/","url":"https:\/\/citylabbiobio.cl\/en\/destacado-urbanista-de-concepcion-celebra-logro-de-city-lab-biobio\/","name":"Destacado urbanista de Concepci\u00f3n celebra logro de City Lab Biob\u00edo - City Lab Biob\u00edo - evolucionamos la ciudad","isPartOf":{"@id":"https:\/\/citylabbiobio.cl\/#website"},"primaryImageOfPage":{"@id":"https:\/\/citylabbiobio.cl\/en\/destacado-urbanista-de-concepcion-celebra-logro-de-city-lab-biobio\/#primaryimage"},"image":{"@id":"https:\/\/citylabbiobio.cl\/en\/destacado-urbanista-de-concepcion-celebra-logro-de-city-lab-biobio\/#primaryimage"},"thumbnailUrl":"https:\/\/d26q11cgz8q0ri.cloudfront.net\/2024\/03\/21114653\/CCP-4-scaled.jpg","datePublished":"2024-03-01T19:19:11+00:00","breadcrumb":{"@id":"https:\/\/citylabbiobio.cl\/en\/destacado-urbanista-de-concepcion-celebra-logro-de-city-lab-biobio\/#breadcrumb"},"inLanguage":"en-US","potentialAction":[{"@type":"ReadAction","target":["https:\/\/citylabbiobio.cl\/en\/destacado-urbanista-de-concepcion-celebra-logro-de-city-lab-biobio\/"]}]},{"@type":"ImageObject","inLanguage":"en-US","@id":"https:\/\/citylabbiobio.cl\/en\/destacado-urbanista-de-concepcion-celebra-logro-de-city-lab-biobio\/#primaryimage","url":"https:\/\/d26q11cgz8q0ri.cloudfront.net\/2024\/03\/21114653\/CCP-4-scaled.jpg","contentUrl":"https:\/\/d26q11cgz8q0ri.cloudfront.net\/2024\/03\/21114653\/CCP-4-scaled.jpg","width":2560,"height":2560},{"@type":"BreadcrumbList","@id":"https:\/\/citylabbiobio.cl\/en\/destacado-urbanista-de-concepcion-celebra-logro-de-city-lab-biobio\/#breadcrumb","itemListElement":[{"@type":"ListItem","position":1,"name":"Portada","item":"https:\/\/citylabbiobio.cl\/en\/"},{"@type":"ListItem","position":2,"name":"Destacado urbanista de Concepci\u00f3n celebra logro de City Lab Biob\u00edo"}]},{"@type":"WebSite","@id":"https:\/\/citylabbiobio.cl\/#website","url":"https:\/\/citylabbiobio.cl\/","name":"City Lab B\u00edo B\u00edo","description":"Evolucionamos la ciudad","publisher":{"@id":"https:\/\/citylabbiobio.cl\/#organization"},"alternateName":"Laboratorio de ciudad","potentialAction":[{"@type":"SearchAction","target":{"@type":"EntryPoint","urlTemplate":"https:\/\/citylabbiobio.cl\/?s={search_term_string}"},"query-input":{"@type":"PropertyValueSpecification","valueRequired":true,"valueName":"search_term_string"}}],"inLanguage":"en-US"},{"@type":"Organization","@id":"https:\/\/citylabbiobio.cl\/#organization","name":"City Lab B\u00edo B\u00edo","alternateName":"Laboratorio de Ciudad Biob\u00edo","url":"https:\/\/citylabbiobio.cl\/","logo":{"@type":"ImageObject","inLanguage":"en-US","@id":"https:\/\/citylabbiobio.cl\/#\/schema\/logo\/image\/","url":"https:\/\/citylabbiobio.cl\/wp-content\/uploads\/2023\/05\/logo-cl-mit.png","contentUrl":"https:\/\/citylabbiobio.cl\/wp-content\/uploads\/2023\/05\/logo-cl-mit.png","width":290,"height":83,"caption":"City Lab B\u00edo B\u00edo"},"image":{"@id":"https:\/\/citylabbiobio.cl\/#\/schema\/logo\/image\/"},"sameAs":["https:\/\/www.youtube.com\/@CityLabBiobio","https:\/\/www.linkedin.com\/company\/citylabbiobio\/?originalSubdomain=cl","https:\/\/www.instagram.com\/citylabbiobio\/"]},{"@type":"Person","@id":"https:\/\/citylabbiobio.cl\/#\/schema\/person\/93abb1056914e2ffcc919c06aa53c3db","name":"juan-eduardo","image":{"@type":"ImageObject","inLanguage":"en-US","@id":"https:\/\/secure.gravatar.com\/avatar\/9e51df0fc7b8f95a292f37b5535046e5b48188014592ab18f5bd356fbf7cf468?s=96&d=mm&r=g","url":"https:\/\/secure.gravatar.com\/avatar\/9e51df0fc7b8f95a292f37b5535046e5b48188014592ab18f5bd356fbf7cf468?s=96&d=mm&r=g","contentUrl":"https:\/\/secure.gravatar.com\/avatar\/9e51df0fc7b8f95a292f37b5535046e5b48188014592ab18f5bd356fbf7cf468?s=96&d=mm&r=g","caption":"juan-eduardo"},"url":"https:\/\/citylabbiobio.cl\/en\/author\/juan-eduardo\/"}]}},"_links":{"self":[{"href":"https:\/\/citylabbiobio.cl\/en\/wp-json\/wp\/v2\/posts\/5171","targetHints":{"allow":["GET"]}}],"collection":[{"href":"https:\/\/citylabbiobio.cl\/en\/wp-json\/wp\/v2\/posts"}],"about":[{"href":"https:\/\/citylabbiobio.cl\/en\/wp-json\/wp\/v2\/types\/post"}],"author":[{"embeddable":true,"href":"https:\/\/citylabbiobio.cl\/en\/wp-json\/wp\/v2\/users\/4"}],"replies":[{"embeddable":true,"href":"https:\/\/citylabbiobio.cl\/en\/wp-json\/wp\/v2\/comments?post=5171"}],"version-history":[{"count":0,"href":"https:\/\/citylabbiobio.cl\/en\/wp-json\/wp\/v2\/posts\/5171\/revisions"}],"wp:featuredmedia":[{"embeddable":true,"href":"https:\/\/citylabbiobio.cl\/en\/wp-json\/wp\/v2\/media\/2070"}],"wp:attachment":[{"href":"https:\/\/citylabbiobio.cl\/en\/wp-json\/wp\/v2\/media?parent=5171"}],"wp:term":[{"taxonomy":"category","embeddable":true,"href":"https:\/\/citylabbiobio.cl\/en\/wp-json\/wp\/v2\/categories?post=5171"},{"taxonomy":"post_tag","embeddable":true,"href":"https:\/\/citylabbiobio.cl\/en\/wp-json\/wp\/v2\/tags?post=5171"}],"curies":[{"name":"wp","href":"https:\/\/api.w.org\/{rel}","templated":true}]}}