{"id":5172,"date":"2024-03-01T15:16:32","date_gmt":"2024-03-01T19:16:32","guid":{"rendered":"https:\/\/citylabbiobio.cl\/mauro-mosciatti-first-media-director-to-visit-city-lab-biobio\/"},"modified":"2024-03-01T15:16:32","modified_gmt":"2024-03-01T19:16:32","slug":"mauro-mosciatti-first-media-director-to-visit-city-lab-biobio","status":"publish","type":"post","link":"https:\/\/citylabbiobio.cl\/en\/mauro-mosciatti-first-media-director-to-visit-city-lab-biobio\/","title":{"rendered":"Mauro Mosciatti: First Media Director to Visit City Lab Biob\u00edo"},"content":{"rendered":"<p>At the request of the Regional Governor of Biob\u00edo, Rodrigo D\u00edaz W\u00f6rner, City Lab Biob\u00edo launched a series of visits by the heads of media outlets based in Concepci\u00f3n and the Biob\u00edo region. In this context, Marcela Mart\u00ednez and her team received Mauro Mosciatti, director of Radio B\u00edo-B\u00edo, at the laboratory&#8217;s offices. The head of the Concepci\u00f3n-based media group was accompanied by \u00d3scar Ferrel Mart\u00ednez, head of the Transport and Infrastructure Division at the Regional Government of Biob\u00edo.  <\/p>\n<p>A keen observer of city life, Mosciatti quickly identified on the platform the iconic landmarks of Concepci\u00f3n as well as the longstanding challenges in each neighbourhood. His close ties to FM 98.1 naturally feed him with data and accounts from residents, authorities and key stakeholders connected to the neighbourhoods under study. This unique perspective opened a conversation about urban planning in the city, positioning CityScope not merely as another tool for urban planning in Concepci\u00f3n, but as the technology with the greatest potential for bringing the city closer to the Biob\u00edo River.  <\/p>\n<p>Marcela Mart\u00ednez, director of City Lab Biob\u00edo, said: &#8220;This request from the Regional Governor to invite the heads of the region&#8217;s media outlets has a specific purpose: for these communication channels to gain a thorough understanding of our research centre&#8217;s mission, the opportunities CityScope offers for transforming cities in the region, and of course the fact that this is a technology unique in Chile and in South America, present in only eight other countries in the world \u2014 and we have it here, in Concepci\u00f3n, in the Regional Government of Biob\u00edo building.&#8221;<\/p>\n","protected":false},"excerpt":{"rendered":"<p>At the request of the Regional Governor of Biob\u00edo, Rodrigo  [&#8230;]<\/p>\n","protected":false},"author":4,"featured_media":2069,"comment_status":"closed","ping_status":"closed","sticky":false,"template":"","format":"standard","meta":{"footnotes":""},"categories":[38],"tags":[],"class_list":["post-5172","post","type-post","status-publish","format-standard","has-post-thumbnail","hentry","category-uncategorized-en"],"yoast_head":"<!-- This site is optimized with the Yoast SEO plugin v27.3 - https:\/\/yoast.com\/product\/yoast-seo-wordpress\/ -->\n<title>Mauro Mosciatti: First Media Director to Visit City Lab Biob\u00edo - City Lab Biob\u00edo - evolucionamos la ciudad<\/title>\n<meta name=\"robots\" content=\"index, follow, max-snippet:-1, max-image-preview:large, max-video-preview:-1\" \/>\n<link rel=\"canonical\" href=\"https:\/\/citylabbiobio.cl\/en\/mauro-mosciatti-first-media-director-to-visit-city-lab-biobio\/\" \/>\n<meta property=\"og:locale\" content=\"en_US\" \/>\n<meta property=\"og:type\" content=\"article\" \/>\n<meta property=\"og:title\" content=\"Mauro Mosciatti: First Media Director to Visit City Lab Biob\u00edo - City Lab Biob\u00edo - evolucionamos la ciudad\" \/>\n<meta property=\"og:description\" content=\"At the request of the Regional Governor of Biob\u00edo, Rodrigo [...]\" \/>\n<meta property=\"og:url\" content=\"https:\/\/citylabbiobio.cl\/en\/mauro-mosciatti-first-media-director-to-visit-city-lab-biobio\/\" \/>\n<meta property=\"og:site_name\" content=\"City Lab Biob\u00edo - evolucionamos la ciudad\" \/>\n<meta property=\"article:published_time\" content=\"2024-03-01T19:16:32+00:00\" \/>\n<meta property=\"og:image\" content=\"https:\/\/d26q11cgz8q0ri.cloudfront.net\/2024\/03\/21114901\/CCP-3-scaled.jpg\" \/>\n\t<meta property=\"og:image:width\" content=\"2560\" \/>\n\t<meta property=\"og:image:height\" content=\"1441\" \/>\n\t<meta property=\"og:image:type\" content=\"image\/jpeg\" \/>\n<meta name=\"author\" content=\"juan-eduardo\" \/>\n<meta name=\"twitter:card\" content=\"summary_large_image\" \/>\n<meta name=\"twitter:label1\" content=\"Written by\" \/>\n\t<meta name=\"twitter:data1\" content=\"juan-eduardo\" \/>\n\t<meta name=\"twitter:label2\" content=\"Est. reading time\" \/>\n\t<meta name=\"twitter:data2\" content=\"1 minute\" \/>\n<script type=\"application\/ld+json\" class=\"yoast-schema-graph\">{\"@context\":\"https:\\\/\\\/schema.org\",\"@graph\":[{\"@type\":\"Article\",\"@id\":\"https:\\\/\\\/citylabbiobio.cl\\\/en\\\/mauro-mosciatti-first-media-director-to-visit-city-lab-biobio\\\/#article\",\"isPartOf\":{\"@id\":\"https:\\\/\\\/citylabbiobio.cl\\\/en\\\/mauro-mosciatti-first-media-director-to-visit-city-lab-biobio\\\/\"},\"author\":{\"name\":\"juan-eduardo\",\"@id\":\"https:\\\/\\\/citylabbiobio.cl\\\/#\\\/schema\\\/person\\\/93abb1056914e2ffcc919c06aa53c3db\"},\"headline\":\"Mauro Mosciatti: First Media Director to Visit City Lab Biob\u00edo\",\"datePublished\":\"2024-03-01T19:16:32+00:00\",\"mainEntityOfPage\":{\"@id\":\"https:\\\/\\\/citylabbiobio.cl\\\/en\\\/mauro-mosciatti-first-media-director-to-visit-city-lab-biobio\\\/\"},\"wordCount\":293,\"publisher\":{\"@id\":\"https:\\\/\\\/citylabbiobio.cl\\\/#organization\"},\"image\":{\"@id\":\"https:\\\/\\\/citylabbiobio.cl\\\/en\\\/mauro-mosciatti-first-media-director-to-visit-city-lab-biobio\\\/#primaryimage\"},\"thumbnailUrl\":\"https:\\\/\\\/d26q11cgz8q0ri.cloudfront.net\\\/2024\\\/03\\\/21114901\\\/CCP-3-scaled.jpg\",\"inLanguage\":\"en-US\"},{\"@type\":\"WebPage\",\"@id\":\"https:\\\/\\\/citylabbiobio.cl\\\/en\\\/mauro-mosciatti-first-media-director-to-visit-city-lab-biobio\\\/\",\"url\":\"https:\\\/\\\/citylabbiobio.cl\\\/en\\\/mauro-mosciatti-first-media-director-to-visit-city-lab-biobio\\\/\",\"name\":\"Mauro Mosciatti: First Media Director to Visit City Lab Biob\u00edo - City Lab Biob\u00edo - evolucionamos la ciudad\",\"isPartOf\":{\"@id\":\"https:\\\/\\\/citylabbiobio.cl\\\/#website\"},\"primaryImageOfPage\":{\"@id\":\"https:\\\/\\\/citylabbiobio.cl\\\/en\\\/mauro-mosciatti-first-media-director-to-visit-city-lab-biobio\\\/#primaryimage\"},\"image\":{\"@id\":\"https:\\\/\\\/citylabbiobio.cl\\\/en\\\/mauro-mosciatti-first-media-director-to-visit-city-lab-biobio\\\/#primaryimage\"},\"thumbnailUrl\":\"https:\\\/\\\/d26q11cgz8q0ri.cloudfront.net\\\/2024\\\/03\\\/21114901\\\/CCP-3-scaled.jpg\",\"datePublished\":\"2024-03-01T19:16:32+00:00\",\"breadcrumb\":{\"@id\":\"https:\\\/\\\/citylabbiobio.cl\\\/en\\\/mauro-mosciatti-first-media-director-to-visit-city-lab-biobio\\\/#breadcrumb\"},\"inLanguage\":\"en-US\",\"potentialAction\":[{\"@type\":\"ReadAction\",\"target\":[\"https:\\\/\\\/citylabbiobio.cl\\\/en\\\/mauro-mosciatti-first-media-director-to-visit-city-lab-biobio\\\/\"]}]},{\"@type\":\"ImageObject\",\"inLanguage\":\"en-US\",\"@id\":\"https:\\\/\\\/citylabbiobio.cl\\\/en\\\/mauro-mosciatti-first-media-director-to-visit-city-lab-biobio\\\/#primaryimage\",\"url\":\"https:\\\/\\\/d26q11cgz8q0ri.cloudfront.net\\\/2024\\\/03\\\/21114901\\\/CCP-3-scaled.jpg\",\"contentUrl\":\"https:\\\/\\\/d26q11cgz8q0ri.cloudfront.net\\\/2024\\\/03\\\/21114901\\\/CCP-3-scaled.jpg\",\"width\":2560,\"height\":1441},{\"@type\":\"BreadcrumbList\",\"@id\":\"https:\\\/\\\/citylabbiobio.cl\\\/en\\\/mauro-mosciatti-first-media-director-to-visit-city-lab-biobio\\\/#breadcrumb\",\"itemListElement\":[{\"@type\":\"ListItem\",\"position\":1,\"name\":\"Portada\",\"item\":\"https:\\\/\\\/citylabbiobio.cl\\\/en\\\/\"},{\"@type\":\"ListItem\",\"position\":2,\"name\":\"Mauro Mosciatti: First Media Director to Visit City Lab Biob\u00edo\"}]},{\"@type\":\"WebSite\",\"@id\":\"https:\\\/\\\/citylabbiobio.cl\\\/#website\",\"url\":\"https:\\\/\\\/citylabbiobio.cl\\\/\",\"name\":\"City Lab B\u00edo B\u00edo\",\"description\":\"Evolucionamos la ciudad\",\"publisher\":{\"@id\":\"https:\\\/\\\/citylabbiobio.cl\\\/#organization\"},\"alternateName\":\"Laboratorio de ciudad\",\"potentialAction\":[{\"@type\":\"SearchAction\",\"target\":{\"@type\":\"EntryPoint\",\"urlTemplate\":\"https:\\\/\\\/citylabbiobio.cl\\\/?s={search_term_string}\"},\"query-input\":{\"@type\":\"PropertyValueSpecification\",\"valueRequired\":true,\"valueName\":\"search_term_string\"}}],\"inLanguage\":\"en-US\"},{\"@type\":\"Organization\",\"@id\":\"https:\\\/\\\/citylabbiobio.cl\\\/#organization\",\"name\":\"City Lab B\u00edo B\u00edo\",\"alternateName\":\"Laboratorio de Ciudad Biob\u00edo\",\"url\":\"https:\\\/\\\/citylabbiobio.cl\\\/\",\"logo\":{\"@type\":\"ImageObject\",\"inLanguage\":\"en-US\",\"@id\":\"https:\\\/\\\/citylabbiobio.cl\\\/#\\\/schema\\\/logo\\\/image\\\/\",\"url\":\"https:\\\/\\\/citylabbiobio.cl\\\/wp-content\\\/uploads\\\/2023\\\/05\\\/logo-cl-mit.png\",\"contentUrl\":\"https:\\\/\\\/citylabbiobio.cl\\\/wp-content\\\/uploads\\\/2023\\\/05\\\/logo-cl-mit.png\",\"width\":290,\"height\":83,\"caption\":\"City Lab B\u00edo B\u00edo\"},\"image\":{\"@id\":\"https:\\\/\\\/citylabbiobio.cl\\\/#\\\/schema\\\/logo\\\/image\\\/\"},\"sameAs\":[\"https:\\\/\\\/www.youtube.com\\\/@CityLabBiobio\",\"https:\\\/\\\/www.linkedin.com\\\/company\\\/citylabbiobio\\\/?originalSubdomain=cl\",\"https:\\\/\\\/www.instagram.com\\\/citylabbiobio\\\/\"]},{\"@type\":\"Person\",\"@id\":\"https:\\\/\\\/citylabbiobio.cl\\\/#\\\/schema\\\/person\\\/93abb1056914e2ffcc919c06aa53c3db\",\"name\":\"juan-eduardo\",\"image\":{\"@type\":\"ImageObject\",\"inLanguage\":\"en-US\",\"@id\":\"https:\\\/\\\/secure.gravatar.com\\\/avatar\\\/9e51df0fc7b8f95a292f37b5535046e5b48188014592ab18f5bd356fbf7cf468?s=96&d=mm&r=g\",\"url\":\"https:\\\/\\\/secure.gravatar.com\\\/avatar\\\/9e51df0fc7b8f95a292f37b5535046e5b48188014592ab18f5bd356fbf7cf468?s=96&d=mm&r=g\",\"contentUrl\":\"https:\\\/\\\/secure.gravatar.com\\\/avatar\\\/9e51df0fc7b8f95a292f37b5535046e5b48188014592ab18f5bd356fbf7cf468?s=96&d=mm&r=g\",\"caption\":\"juan-eduardo\"},\"url\":\"https:\\\/\\\/citylabbiobio.cl\\\/en\\\/author\\\/juan-eduardo\\\/\"}]}<\/script>\n<!-- \/ Yoast SEO plugin. -->","yoast_head_json":{"title":"Mauro Mosciatti: First Media Director to Visit City Lab Biob\u00edo - City Lab Biob\u00edo - evolucionamos la ciudad","robots":{"index":"index","follow":"follow","max-snippet":"max-snippet:-1","max-image-preview":"max-image-preview:large","max-video-preview":"max-video-preview:-1"},"canonical":"https:\/\/citylabbiobio.cl\/en\/mauro-mosciatti-first-media-director-to-visit-city-lab-biobio\/","og_locale":"en_US","og_type":"article","og_title":"Mauro Mosciatti: First Media Director to Visit City Lab Biob\u00edo - City Lab Biob\u00edo - evolucionamos la ciudad","og_description":"At the request of the Regional Governor of Biob\u00edo, Rodrigo [...]","og_url":"https:\/\/citylabbiobio.cl\/en\/mauro-mosciatti-first-media-director-to-visit-city-lab-biobio\/","og_site_name":"City Lab Biob\u00edo - evolucionamos la ciudad","article_published_time":"2024-03-01T19:16:32+00:00","og_image":[{"width":2560,"height":1441,"url":"https:\/\/d26q11cgz8q0ri.cloudfront.net\/2024\/03\/21114901\/CCP-3-scaled.jpg","type":"image\/jpeg"}],"author":"juan-eduardo","twitter_card":"summary_large_image","twitter_misc":{"Written by":"juan-eduardo","Est. reading time":"1 minute"},"schema":{"@context":"https:\/\/schema.org","@graph":[{"@type":"Article","@id":"https:\/\/citylabbiobio.cl\/en\/mauro-mosciatti-first-media-director-to-visit-city-lab-biobio\/#article","isPartOf":{"@id":"https:\/\/citylabbiobio.cl\/en\/mauro-mosciatti-first-media-director-to-visit-city-lab-biobio\/"},"author":{"name":"juan-eduardo","@id":"https:\/\/citylabbiobio.cl\/#\/schema\/person\/93abb1056914e2ffcc919c06aa53c3db"},"headline":"Mauro Mosciatti: First Media Director to Visit City Lab Biob\u00edo","datePublished":"2024-03-01T19:16:32+00:00","mainEntityOfPage":{"@id":"https:\/\/citylabbiobio.cl\/en\/mauro-mosciatti-first-media-director-to-visit-city-lab-biobio\/"},"wordCount":293,"publisher":{"@id":"https:\/\/citylabbiobio.cl\/#organization"},"image":{"@id":"https:\/\/citylabbiobio.cl\/en\/mauro-mosciatti-first-media-director-to-visit-city-lab-biobio\/#primaryimage"},"thumbnailUrl":"https:\/\/d26q11cgz8q0ri.cloudfront.net\/2024\/03\/21114901\/CCP-3-scaled.jpg","inLanguage":"en-US"},{"@type":"WebPage","@id":"https:\/\/citylabbiobio.cl\/en\/mauro-mosciatti-first-media-director-to-visit-city-lab-biobio\/","url":"https:\/\/citylabbiobio.cl\/en\/mauro-mosciatti-first-media-director-to-visit-city-lab-biobio\/","name":"Mauro Mosciatti: First Media Director to Visit City Lab Biob\u00edo - City Lab Biob\u00edo - evolucionamos la ciudad","isPartOf":{"@id":"https:\/\/citylabbiobio.cl\/#website"},"primaryImageOfPage":{"@id":"https:\/\/citylabbiobio.cl\/en\/mauro-mosciatti-first-media-director-to-visit-city-lab-biobio\/#primaryimage"},"image":{"@id":"https:\/\/citylabbiobio.cl\/en\/mauro-mosciatti-first-media-director-to-visit-city-lab-biobio\/#primaryimage"},"thumbnailUrl":"https:\/\/d26q11cgz8q0ri.cloudfront.net\/2024\/03\/21114901\/CCP-3-scaled.jpg","datePublished":"2024-03-01T19:16:32+00:00","breadcrumb":{"@id":"https:\/\/citylabbiobio.cl\/en\/mauro-mosciatti-first-media-director-to-visit-city-lab-biobio\/#breadcrumb"},"inLanguage":"en-US","potentialAction":[{"@type":"ReadAction","target":["https:\/\/citylabbiobio.cl\/en\/mauro-mosciatti-first-media-director-to-visit-city-lab-biobio\/"]}]},{"@type":"ImageObject","inLanguage":"en-US","@id":"https:\/\/citylabbiobio.cl\/en\/mauro-mosciatti-first-media-director-to-visit-city-lab-biobio\/#primaryimage","url":"https:\/\/d26q11cgz8q0ri.cloudfront.net\/2024\/03\/21114901\/CCP-3-scaled.jpg","contentUrl":"https:\/\/d26q11cgz8q0ri.cloudfront.net\/2024\/03\/21114901\/CCP-3-scaled.jpg","width":2560,"height":1441},{"@type":"BreadcrumbList","@id":"https:\/\/citylabbiobio.cl\/en\/mauro-mosciatti-first-media-director-to-visit-city-lab-biobio\/#breadcrumb","itemListElement":[{"@type":"ListItem","position":1,"name":"Portada","item":"https:\/\/citylabbiobio.cl\/en\/"},{"@type":"ListItem","position":2,"name":"Mauro Mosciatti: First Media Director to Visit City Lab Biob\u00edo"}]},{"@type":"WebSite","@id":"https:\/\/citylabbiobio.cl\/#website","url":"https:\/\/citylabbiobio.cl\/","name":"City Lab B\u00edo B\u00edo","description":"Evolucionamos la ciudad","publisher":{"@id":"https:\/\/citylabbiobio.cl\/#organization"},"alternateName":"Laboratorio de ciudad","potentialAction":[{"@type":"SearchAction","target":{"@type":"EntryPoint","urlTemplate":"https:\/\/citylabbiobio.cl\/?s={search_term_string}"},"query-input":{"@type":"PropertyValueSpecification","valueRequired":true,"valueName":"search_term_string"}}],"inLanguage":"en-US"},{"@type":"Organization","@id":"https:\/\/citylabbiobio.cl\/#organization","name":"City Lab B\u00edo B\u00edo","alternateName":"Laboratorio de Ciudad Biob\u00edo","url":"https:\/\/citylabbiobio.cl\/","logo":{"@type":"ImageObject","inLanguage":"en-US","@id":"https:\/\/citylabbiobio.cl\/#\/schema\/logo\/image\/","url":"https:\/\/citylabbiobio.cl\/wp-content\/uploads\/2023\/05\/logo-cl-mit.png","contentUrl":"https:\/\/citylabbiobio.cl\/wp-content\/uploads\/2023\/05\/logo-cl-mit.png","width":290,"height":83,"caption":"City Lab B\u00edo B\u00edo"},"image":{"@id":"https:\/\/citylabbiobio.cl\/#\/schema\/logo\/image\/"},"sameAs":["https:\/\/www.youtube.com\/@CityLabBiobio","https:\/\/www.linkedin.com\/company\/citylabbiobio\/?originalSubdomain=cl","https:\/\/www.instagram.com\/citylabbiobio\/"]},{"@type":"Person","@id":"https:\/\/citylabbiobio.cl\/#\/schema\/person\/93abb1056914e2ffcc919c06aa53c3db","name":"juan-eduardo","image":{"@type":"ImageObject","inLanguage":"en-US","@id":"https:\/\/secure.gravatar.com\/avatar\/9e51df0fc7b8f95a292f37b5535046e5b48188014592ab18f5bd356fbf7cf468?s=96&d=mm&r=g","url":"https:\/\/secure.gravatar.com\/avatar\/9e51df0fc7b8f95a292f37b5535046e5b48188014592ab18f5bd356fbf7cf468?s=96&d=mm&r=g","contentUrl":"https:\/\/secure.gravatar.com\/avatar\/9e51df0fc7b8f95a292f37b5535046e5b48188014592ab18f5bd356fbf7cf468?s=96&d=mm&r=g","caption":"juan-eduardo"},"url":"https:\/\/citylabbiobio.cl\/en\/author\/juan-eduardo\/"}]}},"_links":{"self":[{"href":"https:\/\/citylabbiobio.cl\/en\/wp-json\/wp\/v2\/posts\/5172","targetHints":{"allow":["GET"]}}],"collection":[{"href":"https:\/\/citylabbiobio.cl\/en\/wp-json\/wp\/v2\/posts"}],"about":[{"href":"https:\/\/citylabbiobio.cl\/en\/wp-json\/wp\/v2\/types\/post"}],"author":[{"embeddable":true,"href":"https:\/\/citylabbiobio.cl\/en\/wp-json\/wp\/v2\/users\/4"}],"replies":[{"embeddable":true,"href":"https:\/\/citylabbiobio.cl\/en\/wp-json\/wp\/v2\/comments?post=5172"}],"version-history":[{"count":0,"href":"https:\/\/citylabbiobio.cl\/en\/wp-json\/wp\/v2\/posts\/5172\/revisions"}],"wp:featuredmedia":[{"embeddable":true,"href":"https:\/\/citylabbiobio.cl\/en\/wp-json\/wp\/v2\/media\/2069"}],"wp:attachment":[{"href":"https:\/\/citylabbiobio.cl\/en\/wp-json\/wp\/v2\/media?parent=5172"}],"wp:term":[{"taxonomy":"category","embeddable":true,"href":"https:\/\/citylabbiobio.cl\/en\/wp-json\/wp\/v2\/categories?post=5172"},{"taxonomy":"post_tag","embeddable":true,"href":"https:\/\/citylabbiobio.cl\/en\/wp-json\/wp\/v2\/tags?post=5172"}],"curies":[{"name":"wp","href":"https:\/\/api.w.org\/{rel}","templated":true}]}}